{"id":4918,"date":"2016-08-26T12:32:20","date_gmt":"2016-08-26T10:32:20","guid":{"rendered":"https:\/\/www.beamer-discount.de\/blog\/?p=4918"},"modified":"2017-05-05T12:20:29","modified_gmt":"2017-05-05T10:20:29","slug":"benq-th681-oder-th683","status":"publish","type":"post","link":"https:\/\/www.beamer-discount.de\/blog\/benq-th681-oder-th683\/","title":{"rendered":"BenQ TH681 oder TH683?"},"content":{"rendered":"<p>Wenn man die Datenbl\u00e4tter vom BenQ TH681 und dem TH683 nebeneinander legt, dann fallen zun\u00e4chst nur wenige \u00c4nderungen bei den Leistungsdaten auf. Beide Beamer verf\u00fcgen \u00fcber FullHD Aufl\u00f6sung und beide Beamer bieten eine F\u00fclle an Anschl\u00fcssen, die ihren Einsatzzweck flexibel halten. Auch kommt wieder die bew\u00e4hrte DLP Technologie von BenQ zum Einsatz. Doch dieser erste Eindruck t\u00e4uscht, denn BenQ hat mit dem TH683 einen w\u00fcrdigen Nachfolger kreiert, der mit spannenden Features aufwarten kann.<\/p>\n","protected":false},"excerpt":{"rendered":"<p>Wenn man die Datenbl\u00e4tter vom BenQ TH681 und dem TH683 nebeneinander legt, dann fallen zun\u00e4chst nur wenige \u00c4nderungen bei den Leistungsdaten auf. Beide Beamer verf\u00fcgen \u00fcber<span class=\"excerpt-hellip\"> [\u2026]<\/span><\/p>\n","protected":false},"author":359,"featured_media":4948,"comment_status":"closed","ping_status":"closed","sticky":false,"template":"","format":"standard","meta":[],"categories":[396],"tags":[],"yoast_head":"<!-- This site is optimized with the Yoast SEO plugin v16.1.1 - https:\/\/yoast.com\/wordpress\/plugins\/seo\/ -->\n<title>BenQ TH681 oder TH683? |<\/title>\n<link rel=\"canonical\" href=\"https:\/\/www.beamer-discount.de\/blog\/benq-th681-oder-th683\/\" \/>\n<meta property=\"og:locale\" content=\"de_DE\" \/>\n<meta property=\"og:type\" content=\"article\" \/>\n<meta property=\"og:title\" content=\"BenQ TH681 oder TH683? |\" \/>\n<meta property=\"og:description\" content=\"Wenn man die Datenbl\u00e4tter vom BenQ TH681 und dem TH683 nebeneinander legt, dann fallen zun\u00e4chst nur wenige \u00c4nderungen bei den Leistungsdaten auf. Beide Beamer verf\u00fcgen \u00fcber [\u2026]\" \/>\n<meta property=\"og:url\" content=\"https:\/\/www.beamer-discount.de\/blog\/benq-th681-oder-th683\/\" \/>\n<meta property=\"og:site_name\" content=\"| Beamer-Discount.de Blog\" \/>\n<meta property=\"article:publisher\" content=\"https:\/\/www.facebook.com\/BeamerDiscount.de\" \/>\n<meta property=\"article:published_time\" content=\"2016-08-26T10:32:20+00:00\" \/>\n<meta property=\"article:modified_time\" content=\"2017-05-05T10:20:29+00:00\" \/>\n<meta property=\"og:image\" content=\"https:\/\/www.beamer-discount.de\/blog\/wp-content\/uploads\/2016\/08\/benq_th681_medium400.jpg\" \/>\n\t<meta property=\"og:image:width\" content=\"400\" \/>\n\t<meta property=\"og:image:height\" content=\"400\" \/>\n<meta name=\"twitter:card\" content=\"summary\" \/>\n<meta name=\"twitter:creator\" content=\"@ProjektorAG\" \/>\n<meta name=\"twitter:site\" content=\"@ProjektorAG\" \/>\n<script type=\"application\/ld+json\" class=\"yoast-schema-graph\">{\"@context\":\"https:\/\/schema.org\",\"@graph\":[{\"@type\":\"WebSite\",\"@id\":\"https:\/\/www.beamer-discount.de\/blog\/#website\",\"url\":\"https:\/\/www.beamer-discount.de\/blog\/\",\"name\":\"| Beamer-Discount.de Blog\",\"description\":\"Der Blog f\\u00fcr Beamer und Heimkino\",\"potentialAction\":[{\"@type\":\"SearchAction\",\"target\":\"https:\/\/www.beamer-discount.de\/blog\/?s={search_term_string}\",\"query-input\":\"required name=search_term_string\"}],\"inLanguage\":\"de-DE\"},{\"@type\":\"ImageObject\",\"@id\":\"https:\/\/www.beamer-discount.de\/blog\/benq-th681-oder-th683\/#primaryimage\",\"inLanguage\":\"de-DE\",\"url\":\"https:\/\/www.beamer-discount.de\/blog\/wp-content\/uploads\/2016\/08\/benq_th681_medium400.jpg\",\"contentUrl\":\"https:\/\/www.beamer-discount.de\/blog\/wp-content\/uploads\/2016\/08\/benq_th681_medium400.jpg\",\"width\":400,\"height\":400},{\"@type\":\"WebPage\",\"@id\":\"https:\/\/www.beamer-discount.de\/blog\/benq-th681-oder-th683\/#webpage\",\"url\":\"https:\/\/www.beamer-discount.de\/blog\/benq-th681-oder-th683\/\",\"name\":\"BenQ TH681 oder TH683? |\",\"isPartOf\":{\"@id\":\"https:\/\/www.beamer-discount.de\/blog\/#website\"},\"primaryImageOfPage\":{\"@id\":\"https:\/\/www.beamer-discount.de\/blog\/benq-th681-oder-th683\/#primaryimage\"},\"datePublished\":\"2016-08-26T10:32:20+00:00\",\"dateModified\":\"2017-05-05T10:20:29+00:00\",\"author\":{\"@id\":\"https:\/\/www.beamer-discount.de\/blog\/#\/schema\/person\/58f9c8cbfb79cc33463f9117925a5928\"},\"breadcrumb\":{\"@id\":\"https:\/\/www.beamer-discount.de\/blog\/benq-th681-oder-th683\/#breadcrumb\"},\"inLanguage\":\"de-DE\",\"potentialAction\":[{\"@type\":\"ReadAction\",\"target\":[\"https:\/\/www.beamer-discount.de\/blog\/benq-th681-oder-th683\/\"]}]},{\"@type\":\"BreadcrumbList\",\"@id\":\"https:\/\/www.beamer-discount.de\/blog\/benq-th681-oder-th683\/#breadcrumb\",\"itemListElement\":[{\"@type\":\"ListItem\",\"position\":1,\"item\":{\"@type\":\"WebPage\",\"@id\":\"https:\/\/www.beamer-discount.de\/blog\/\",\"url\":\"https:\/\/www.beamer-discount.de\/blog\/\",\"name\":\"Startseite\"}},{\"@type\":\"ListItem\",\"position\":2,\"item\":{\"@type\":\"WebPage\",\"@id\":\"https:\/\/www.beamer-discount.de\/blog\/benq-th681-oder-th683\/\",\"url\":\"https:\/\/www.beamer-discount.de\/blog\/benq-th681-oder-th683\/\",\"name\":\"BenQ TH681 oder TH683?\"}}]},{\"@type\":\"Person\",\"@id\":\"https:\/\/www.beamer-discount.de\/blog\/#\/schema\/person\/58f9c8cbfb79cc33463f9117925a5928\",\"name\":\"Thomas Korbmacher\",\"image\":{\"@type\":\"ImageObject\",\"@id\":\"https:\/\/www.beamer-discount.de\/blog\/#personlogo\",\"inLanguage\":\"de-DE\",\"url\":\"https:\/\/www.beamer-discount.de\/blog\/wp-content\/plugins\/wp-user-avatar\/images\/wpua-96x96.png\",\"contentUrl\":\"https:\/\/www.beamer-discount.de\/blog\/wp-content\/plugins\/wp-user-avatar\/images\/wpua-96x96.png\",\"caption\":\"Thomas Korbmacher\"}}]}<\/script>\n<!-- \/ Yoast SEO plugin. -->","_links":{"self":[{"href":"https:\/\/www.beamer-discount.de\/blog\/wp-json\/wp\/v2\/posts\/4918"}],"collection":[{"href":"https:\/\/www.beamer-discount.de\/blog\/wp-json\/wp\/v2\/posts"}],"about":[{"href":"https:\/\/www.beamer-discount.de\/blog\/wp-json\/wp\/v2\/types\/post"}],"author":[{"embeddable":true,"href":"https:\/\/www.beamer-discount.de\/blog\/wp-json\/wp\/v2\/users\/359"}],"replies":[{"embeddable":true,"href":"https:\/\/www.beamer-discount.de\/blog\/wp-json\/wp\/v2\/comments?post=4918"}],"version-history":[{"count":3,"href":"https:\/\/www.beamer-discount.de\/blog\/wp-json\/wp\/v2\/posts\/4918\/revisions"}],"predecessor-version":[{"id":4956,"href":"https:\/\/www.beamer-discount.de\/blog\/wp-json\/wp\/v2\/posts\/4918\/revisions\/4956"}],"wp:featuredmedia":[{"embeddable":true,"href":"https:\/\/www.beamer-discount.de\/blog\/wp-json\/wp\/v2\/media\/4948"}],"wp:attachment":[{"href":"https:\/\/www.beamer-discount.de\/blog\/wp-json\/wp\/v2\/media?parent=4918"}],"wp:term":[{"taxonomy":"category","embeddable":true,"href":"https:\/\/www.beamer-discount.de\/blog\/wp-json\/wp\/v2\/categories?post=4918"},{"taxonomy":"post_tag","embeddable":true,"href":"https:\/\/www.beamer-discount.de\/blog\/wp-json\/wp\/v2\/tags?post=4918"}],"curies":[{"name":"wp","href":"https:\/\/api.w.org\/{rel}","templated":true}]}}