{"id":5181,"date":"2017-03-09T15:42:56","date_gmt":"2017-03-09T13:42:56","guid":{"rendered":"https:\/\/www.beamer-discount.de\/blog\/?p=5181"},"modified":"2017-12-04T10:51:01","modified_gmt":"2017-12-04T08:51:01","slug":"frisch-eingetroffen-elektrisch-hoehenverstellbarer-schreibtisch-von-celexon","status":"publish","type":"post","link":"https:\/\/www.beamer-discount.de\/blog\/frisch-eingetroffen-elektrisch-hoehenverstellbarer-schreibtisch-von-celexon\/","title":{"rendered":"Frisch eingetroffen | Elektrisch h\u00f6henverstellbarer Schreibtisch von celexon"},"content":{"rendered":"<p><a href=\"https:\/\/www.beamer-discount.de\/moebel\/schreibtische-c-836_451_1381.html\"><img loading=\"lazy\" class=\"alignnone size-full wp-image-5182\" src=\"https:\/\/www.beamer-discount.de\/blog\/wp-content\/uploads\/2017\/03\/Header.jpg\" alt=\"Header\" width=\"1008\" height=\"280\" srcset=\"https:\/\/www.beamer-discount.de\/blog\/wp-content\/uploads\/2017\/03\/Header.jpg 1008w, https:\/\/www.beamer-discount.de\/blog\/wp-content\/uploads\/2017\/03\/Header-300x83.jpg 300w, https:\/\/www.beamer-discount.de\/blog\/wp-content\/uploads\/2017\/03\/Header-768x213.jpg 768w, https:\/\/www.beamer-discount.de\/blog\/wp-content\/uploads\/2017\/03\/Header-260x72.jpg 260w, https:\/\/www.beamer-discount.de\/blog\/wp-content\/uploads\/2017\/03\/Header-50x14.jpg 50w, https:\/\/www.beamer-discount.de\/blog\/wp-content\/uploads\/2017\/03\/Header-150x42.jpg 150w\" sizes=\"(max-width: 1008px) 100vw, 1008px\" \/><\/a><\/p>\n<p>Endlich ist es soweit &#8211; die <strong>elektrisch h\u00f6henverstellbaren Schreibtische von celexon<\/strong> sind frisch eingetroffen. Erh\u00e4ltlich ist das Produkt in<strong>\u00a03 verf\u00fcgbaren Farben: <a href=\"https:\/\/www.beamer-discount.de\/sonstiges\/celexon\/elektrisch-hoehenverstellbarer-schreibtisch-professional-eadjust-65120w-in-weiss-p-51054.html\">wei\u00df<\/a>, <a href=\"https:\/\/www.beamer-discount.de\/sonstiges\/celexon\/elektrisch-hoehenverstellbarer-schreibtisch-professional-eadjust-65120g-in-grau-p-51055.html\">grau <\/a>und <a href=\"https:\/\/www.beamer-discount.de\/sonstiges\/celexon\/elektrisch-hoehenverstellbarer-schreibtisch-professional-eadjust-65120b-in-schwarz-p-51053.html\">schwarz<\/a><\/strong>.<\/p>\n<p>Die <strong>Breite<\/strong> kann individuell von <strong>100cm bis zu 170cm<\/strong> gew\u00e4hlt werden. Tischplatten k\u00f6nnen optional dazu erworben werden, oder der Kunde kann eine eigene (nach seinen Designw\u00fcnschen) verwenden. Die dazugeh\u00f6rigen Tischplatten (alle in wei\u00df) bieten wir in den Gr\u00f6\u00dfen <strong>125x75cm. 150x75cm und 175x75cm<\/strong>.<\/p>\n<div>\n<p>Langanhaltende Sitzpositionen sind <strong>ungesund f\u00fcr die Wirbels\u00e4ule<\/strong> sowie R\u00fccken bzw. Nackenmuskulatur und k\u00f6nnen R\u00fcckenschmerzen verursachen.<\/p>\n<p>Wirken Sie proaktiv und pr\u00e4ventiv m\u00f6glichen R\u00fcckenbeschwerden mit dem <a href=\"https:\/\/www.beamer-discount.de\/moebel\/schreibtische-c-836_451_1381.html\"><strong>h\u00f6henverstellbaren Schreibtisch Professional eAdjust-65120 von celexon<\/strong><\/a> entgegen. Dank der verschiedenen H\u00f6hen k\u00f6nnen Sie Ihre T\u00e4tigkeiten im Sitzen oder Stehen nachgehen. Wechselnde Arbeitspositionen entlasten Ihre Wirbels\u00e4ule und Bandscheiben und wirken sich positiv auf Ihre Gesundheit aus.<\/p>\n<p><a href=\"https:\/\/www.beamer-discount.de\/blog\/wp-content\/uploads\/2017\/03\/Angbote.jpg\" data-rel=\"lightbox-image-0\" data-rl_title=\"\" data-rl_caption=\"\" title=\"\"><img loading=\"lazy\" class=\"alignnone size-full wp-image-5184\" src=\"https:\/\/www.beamer-discount.de\/blog\/wp-content\/uploads\/2017\/03\/Angbote.jpg\" alt=\"Angbote\" usemap=\"#1\" width=\"1008\" height=\"280\" srcset=\"https:\/\/www.beamer-discount.de\/blog\/wp-content\/uploads\/2017\/03\/Angbote.jpg 1008w, https:\/\/www.beamer-discount.de\/blog\/wp-content\/uploads\/2017\/03\/Angbote-300x83.jpg 300w, https:\/\/www.beamer-discount.de\/blog\/wp-content\/uploads\/2017\/03\/Angbote-768x213.jpg 768w, https:\/\/www.beamer-discount.de\/blog\/wp-content\/uploads\/2017\/03\/Angbote-260x72.jpg 260w, https:\/\/www.beamer-discount.de\/blog\/wp-content\/uploads\/2017\/03\/Angbote-50x14.jpg 50w, https:\/\/www.beamer-discount.de\/blog\/wp-content\/uploads\/2017\/03\/Angbote-150x42.jpg 150w\" sizes=\"(max-width: 1008px) 100vw, 1008px\" \/><\/a><\/p>\n<map name=\"1\">\n<area coords=\"6,6,360,273\" shape=\"rect\" href=\"https:\/\/www.beamer-discount.de\/sonstiges\/celexon\/elektrisch-hoehenverstellbarer-schreibtisch-professional-eadjust-65120b-in-schwarz-p-51053.html\" \/>\n<area coords=\"365,8,669,274\" shape=\"rect\" href=\"https:\/\/www.beamer-discount.de\/sonstiges\/celexon\/elektrisch-hoehenverstellbarer-schreibtisch-professional-eadjust-65120g-in-grau-p-51055.html\" \/>\n<area coords=\"674,10,1000,274\" shape=\"rect\" href=\"https:\/\/www.beamer-discount.de\/sonstiges\/celexon\/elektrisch-hoehenverstellbarer-schreibtisch-professional-eadjust-65120w-in-weiss-p-51054.html\" \/><\/map>\n<p>&nbsp;<\/p>\n<p>Schnell, einfach und unkompliziert l\u00e4sst sich dieser Tisch elektrisch stufenlos innerhalb weniger Sekunden von <strong>65cm auf bis zu 120cm erh\u00f6hen<\/strong> und somit <strong>Ihren Bed\u00fcrfnissen individuell anpassen<\/strong>. Dies erm\u00f6glicht Ihnen ein komfortables Arbeiten, egal ob sitzend oder stehend.<br \/>\nZus\u00e4tzlich gibt es ein sehr praktisches Bedienpanel. Drei speicherbare H\u00f6henpositionen lassen sich bei Bedarf jederzeit per Knopfdruck abrufen. Eine integrierte Displaysperre verhindert ein ungewolltes Bewegen des Tisches und sorgt f\u00fcr zus\u00e4tzliche Sicherheit.<\/p>\n<\/div>\n<p><a href=\"https:\/\/www.beamer-discount.de\/moebel\/schreibtische-c-836_451_1381.html\"><img loading=\"lazy\" class=\"alignnone size-full wp-image-5183\" src=\"https:\/\/www.beamer-discount.de\/blog\/wp-content\/uploads\/2017\/03\/Bedienpanel.jpg\" alt=\"Bedienpanel\" width=\"1008\" height=\"280\" srcset=\"https:\/\/www.beamer-discount.de\/blog\/wp-content\/uploads\/2017\/03\/Bedienpanel.jpg 1008w, https:\/\/www.beamer-discount.de\/blog\/wp-content\/uploads\/2017\/03\/Bedienpanel-300x83.jpg 300w, https:\/\/www.beamer-discount.de\/blog\/wp-content\/uploads\/2017\/03\/Bedienpanel-768x213.jpg 768w, https:\/\/www.beamer-discount.de\/blog\/wp-content\/uploads\/2017\/03\/Bedienpanel-260x72.jpg 260w, https:\/\/www.beamer-discount.de\/blog\/wp-content\/uploads\/2017\/03\/Bedienpanel-50x14.jpg 50w, https:\/\/www.beamer-discount.de\/blog\/wp-content\/uploads\/2017\/03\/Bedienpanel-150x42.jpg 150w\" sizes=\"(max-width: 1008px) 100vw, 1008px\" \/><\/a><\/p>\n<p>Um sich das ganze<strong> visuell vorstellen<\/strong> zu k\u00f6nnen, haben wir f\u00fcr Sie den <a href=\"https:\/\/www.youtube.com\/watch?v=g1VpVcqIsOY&amp;feature=youtu.be\" data-rel=\"lightbox-video-0\">perfekten Teaser zum anschauen<\/a>. Klicken Sie daf\u00fcr einfach auf das folgende Bild und lassen Sie sich inspirieren.<\/p>\n<div>\n<p><a href=\"https:\/\/www.youtube.com\/watch?v=g1VpVcqIsOY&amp;feature=youtu.be\" data-rel=\"lightbox-video-0\"><img loading=\"lazy\" class=\"size-full wp-image-5185 aligncenter\" src=\"https:\/\/www.beamer-discount.de\/blog\/wp-content\/uploads\/2017\/03\/Produkt-Teaser.jpg\" alt=\"Produkt-Teaser\" width=\"550\" height=\"310\" srcset=\"https:\/\/www.beamer-discount.de\/blog\/wp-content\/uploads\/2017\/03\/Produkt-Teaser.jpg 550w, https:\/\/www.beamer-discount.de\/blog\/wp-content\/uploads\/2017\/03\/Produkt-Teaser-300x169.jpg 300w, https:\/\/www.beamer-discount.de\/blog\/wp-content\/uploads\/2017\/03\/Produkt-Teaser-260x146.jpg 260w, https:\/\/www.beamer-discount.de\/blog\/wp-content\/uploads\/2017\/03\/Produkt-Teaser-50x28.jpg 50w, https:\/\/www.beamer-discount.de\/blog\/wp-content\/uploads\/2017\/03\/Produkt-Teaser-133x75.jpg 133w\" sizes=\"(max-width: 550px) 100vw, 550px\" \/><\/a><\/p>\n<p><strong><br \/>\nZum Schluss gibt es nochmal alle Features f\u00fcr Sie auf einem Blick<\/strong><br \/>\n&#8211; elektrisch stufenlos h\u00f6henverstellbar von 65 bis 120 cm<br \/>\n&#8211; 3 speicherbare Positionen<br \/>\n&#8211; einfache Bedienung \u00fcber frei positionierbares Bedienteil<br \/>\n&#8211; Gr\u00f6\u00dfe des Tischgestells: min: 100x65x70cm, max: 170x123x70cm<\/p>\n<p><strong>Achtung:<\/strong> Dieser Artikel bezieht sich nur auf das ausgew\u00e4hlte Tischgestell. <a href=\"https:\/\/www.beamer-discount.de\/moebel\/schreibtische-c-836_451_1381.html\">Die Tischplatte muss zus\u00e4tzlich erworben werden<\/a>. Diese k\u00f6nnen Sie <a href=\"https:\/\/www.beamer-discount.de\/moebel\/schreibtische-c-836_451_1381.html\">hier<\/a> bestellen:<\/p>\n<p><a href=\"https:\/\/www.beamer-discount.de\/moebel\/schreibtische-c-836_451_1381.html\"><img loading=\"lazy\" class=\"alignnone size-full wp-image-5189\" src=\"https:\/\/www.beamer-discount.de\/blog\/wp-content\/uploads\/2017\/03\/Tischplatte.jpg\" alt=\"Tischplatte\" width=\"1008\" height=\"280\" srcset=\"https:\/\/www.beamer-discount.de\/blog\/wp-content\/uploads\/2017\/03\/Tischplatte.jpg 1008w, https:\/\/www.beamer-discount.de\/blog\/wp-content\/uploads\/2017\/03\/Tischplatte-300x83.jpg 300w, https:\/\/www.beamer-discount.de\/blog\/wp-content\/uploads\/2017\/03\/Tischplatte-768x213.jpg 768w, https:\/\/www.beamer-discount.de\/blog\/wp-content\/uploads\/2017\/03\/Tischplatte-260x72.jpg 260w, https:\/\/www.beamer-discount.de\/blog\/wp-content\/uploads\/2017\/03\/Tischplatte-50x14.jpg 50w, https:\/\/www.beamer-discount.de\/blog\/wp-content\/uploads\/2017\/03\/Tischplatte-150x42.jpg 150w\" sizes=\"(max-width: 1008px) 100vw, 1008px\" \/><\/a><\/p>\n<p><strong><br \/>\nLieferumfang<\/strong><br \/>\n&#8211; 1x celexon eAdjust-65120 Tischgestell<br \/>\n&#8211; 1x Bedienungsanleitung<br \/>\n&#8211; Montagematerial<\/p>\n<\/div>\n","protected":false},"excerpt":{"rendered":"<p>Endlich ist es soweit &#8211; die elektrisch h\u00f6henverstellbaren Schreibtische von celexon sind frisch eingetroffen. Erh\u00e4ltlich ist das Produkt in\u00a03 verf\u00fcgbaren Farben: wei\u00df, grau und schwarz. Die<span class=\"excerpt-hellip\"> [\u2026]<\/span><\/p>\n","protected":false},"author":366,"featured_media":5192,"comment_status":"closed","ping_status":"closed","sticky":false,"template":"","format":"standard","meta":[],"categories":[1,423,418],"tags":[],"yoast_head":"<!-- This site is optimized with the Yoast SEO plugin v16.1.1 - https:\/\/yoast.com\/wordpress\/plugins\/seo\/ -->\n<title>Frisch eingetroffen | Elektrisch h\u00f6henverstellbarer Schreibtisch von celexon |<\/title>\n<link rel=\"canonical\" href=\"https:\/\/www.beamer-discount.de\/blog\/frisch-eingetroffen-elektrisch-hoehenverstellbarer-schreibtisch-von-celexon\/\" \/>\n<meta property=\"og:locale\" content=\"de_DE\" \/>\n<meta property=\"og:type\" content=\"article\" \/>\n<meta property=\"og:title\" content=\"Frisch eingetroffen | Elektrisch h\u00f6henverstellbarer Schreibtisch von celexon |\" \/>\n<meta property=\"og:description\" content=\"Endlich ist es soweit &#8211; die elektrisch h\u00f6henverstellbaren Schreibtische von celexon sind frisch eingetroffen. Erh\u00e4ltlich ist das Produkt in\u00a03 verf\u00fcgbaren Farben: wei\u00df, grau und schwarz. Die [\u2026]\" \/>\n<meta property=\"og:url\" content=\"https:\/\/www.beamer-discount.de\/blog\/frisch-eingetroffen-elektrisch-hoehenverstellbarer-schreibtisch-von-celexon\/\" \/>\n<meta property=\"og:site_name\" content=\"| Beamer-Discount.de Blog\" \/>\n<meta property=\"article:publisher\" content=\"https:\/\/www.facebook.com\/BeamerDiscount.de\" \/>\n<meta property=\"article:published_time\" content=\"2017-03-09T13:42:56+00:00\" \/>\n<meta property=\"article:modified_time\" content=\"2017-12-04T08:51:01+00:00\" \/>\n<meta property=\"og:image\" content=\"https:\/\/www.beamer-discount.de\/blog\/wp-content\/uploads\/2017\/03\/Blog-Celexon-Schreibtisch-Header.jpg\" \/>\n\t<meta property=\"og:image:width\" content=\"550\" \/>\n\t<meta property=\"og:image:height\" content=\"402\" \/>\n<meta name=\"twitter:card\" content=\"summary\" \/>\n<meta name=\"twitter:creator\" content=\"@ProjektorAG\" \/>\n<meta name=\"twitter:site\" content=\"@ProjektorAG\" \/>\n<meta name=\"twitter:label1\" content=\"Gesch\u00e4tzte Lesezeit\">\n\t<meta name=\"twitter:data1\" content=\"2 Minuten\">\n<script type=\"application\/ld+json\" class=\"yoast-schema-graph\">{\"@context\":\"https:\/\/schema.org\",\"@graph\":[{\"@type\":\"WebSite\",\"@id\":\"https:\/\/www.beamer-discount.de\/blog\/#website\",\"url\":\"https:\/\/www.beamer-discount.de\/blog\/\",\"name\":\"| Beamer-Discount.de Blog\",\"description\":\"Der Blog f\\u00fcr Beamer und Heimkino\",\"potentialAction\":[{\"@type\":\"SearchAction\",\"target\":\"https:\/\/www.beamer-discount.de\/blog\/?s={search_term_string}\",\"query-input\":\"required name=search_term_string\"}],\"inLanguage\":\"de-DE\"},{\"@type\":\"ImageObject\",\"@id\":\"https:\/\/www.beamer-discount.de\/blog\/frisch-eingetroffen-elektrisch-hoehenverstellbarer-schreibtisch-von-celexon\/#primaryimage\",\"inLanguage\":\"de-DE\",\"url\":\"https:\/\/www.beamer-discount.de\/blog\/wp-content\/uploads\/2017\/03\/Blog-Celexon-Schreibtisch-Header.jpg\",\"contentUrl\":\"https:\/\/www.beamer-discount.de\/blog\/wp-content\/uploads\/2017\/03\/Blog-Celexon-Schreibtisch-Header.jpg\",\"width\":550,\"height\":402},{\"@type\":\"WebPage\",\"@id\":\"https:\/\/www.beamer-discount.de\/blog\/frisch-eingetroffen-elektrisch-hoehenverstellbarer-schreibtisch-von-celexon\/#webpage\",\"url\":\"https:\/\/www.beamer-discount.de\/blog\/frisch-eingetroffen-elektrisch-hoehenverstellbarer-schreibtisch-von-celexon\/\",\"name\":\"Frisch eingetroffen | Elektrisch h\\u00f6henverstellbarer Schreibtisch von celexon |\",\"isPartOf\":{\"@id\":\"https:\/\/www.beamer-discount.de\/blog\/#website\"},\"primaryImageOfPage\":{\"@id\":\"https:\/\/www.beamer-discount.de\/blog\/frisch-eingetroffen-elektrisch-hoehenverstellbarer-schreibtisch-von-celexon\/#primaryimage\"},\"datePublished\":\"2017-03-09T13:42:56+00:00\",\"dateModified\":\"2017-12-04T08:51:01+00:00\",\"author\":{\"@id\":\"https:\/\/www.beamer-discount.de\/blog\/#\/schema\/person\/13a46539c3e42c1e1d4ae8e83cebb65a\"},\"breadcrumb\":{\"@id\":\"https:\/\/www.beamer-discount.de\/blog\/frisch-eingetroffen-elektrisch-hoehenverstellbarer-schreibtisch-von-celexon\/#breadcrumb\"},\"inLanguage\":\"de-DE\",\"potentialAction\":[{\"@type\":\"ReadAction\",\"target\":[\"https:\/\/www.beamer-discount.de\/blog\/frisch-eingetroffen-elektrisch-hoehenverstellbarer-schreibtisch-von-celexon\/\"]}]},{\"@type\":\"BreadcrumbList\",\"@id\":\"https:\/\/www.beamer-discount.de\/blog\/frisch-eingetroffen-elektrisch-hoehenverstellbarer-schreibtisch-von-celexon\/#breadcrumb\",\"itemListElement\":[{\"@type\":\"ListItem\",\"position\":1,\"item\":{\"@type\":\"WebPage\",\"@id\":\"https:\/\/www.beamer-discount.de\/blog\/\",\"url\":\"https:\/\/www.beamer-discount.de\/blog\/\",\"name\":\"Startseite\"}},{\"@type\":\"ListItem\",\"position\":2,\"item\":{\"@type\":\"WebPage\",\"@id\":\"https:\/\/www.beamer-discount.de\/blog\/frisch-eingetroffen-elektrisch-hoehenverstellbarer-schreibtisch-von-celexon\/\",\"url\":\"https:\/\/www.beamer-discount.de\/blog\/frisch-eingetroffen-elektrisch-hoehenverstellbarer-schreibtisch-von-celexon\/\",\"name\":\"Frisch eingetroffen | Elektrisch h\\u00f6henverstellbarer Schreibtisch von celexon\"}}]},{\"@type\":\"Person\",\"@id\":\"https:\/\/www.beamer-discount.de\/blog\/#\/schema\/person\/13a46539c3e42c1e1d4ae8e83cebb65a\",\"name\":\"Lukas Naumann\",\"image\":{\"@type\":\"ImageObject\",\"@id\":\"https:\/\/www.beamer-discount.de\/blog\/#personlogo\",\"inLanguage\":\"de-DE\",\"url\":\"https:\/\/www.beamer-discount.de\/blog\/wp-content\/uploads\/2024\/08\/vx_lukas-naumann-profilbild-transformed.png\",\"contentUrl\":\"https:\/\/www.beamer-discount.de\/blog\/wp-content\/uploads\/2024\/08\/vx_lukas-naumann-profilbild-transformed.png\",\"caption\":\"Lukas Naumann\"},\"description\":\"Beamer-Discount - Heimkino | Gaming | Pr\\u00e4sentationen | Dein Experte f\\u00fcr Beamer und Zubeh\\u00f6r | Kino-Feeling f\\u00fcr Zuhause erleben\"}]}<\/script>\n<!-- \/ Yoast SEO plugin. -->","_links":{"self":[{"href":"https:\/\/www.beamer-discount.de\/blog\/wp-json\/wp\/v2\/posts\/5181"}],"collection":[{"href":"https:\/\/www.beamer-discount.de\/blog\/wp-json\/wp\/v2\/posts"}],"about":[{"href":"https:\/\/www.beamer-discount.de\/blog\/wp-json\/wp\/v2\/types\/post"}],"author":[{"embeddable":true,"href":"https:\/\/www.beamer-discount.de\/blog\/wp-json\/wp\/v2\/users\/366"}],"replies":[{"embeddable":true,"href":"https:\/\/www.beamer-discount.de\/blog\/wp-json\/wp\/v2\/comments?post=5181"}],"version-history":[{"count":13,"href":"https:\/\/www.beamer-discount.de\/blog\/wp-json\/wp\/v2\/posts\/5181\/revisions"}],"predecessor-version":[{"id":5847,"href":"https:\/\/www.beamer-discount.de\/blog\/wp-json\/wp\/v2\/posts\/5181\/revisions\/5847"}],"wp:featuredmedia":[{"embeddable":true,"href":"https:\/\/www.beamer-discount.de\/blog\/wp-json\/wp\/v2\/media\/5192"}],"wp:attachment":[{"href":"https:\/\/www.beamer-discount.de\/blog\/wp-json\/wp\/v2\/media?parent=5181"}],"wp:term":[{"taxonomy":"category","embeddable":true,"href":"https:\/\/www.beamer-discount.de\/blog\/wp-json\/wp\/v2\/categories?post=5181"},{"taxonomy":"post_tag","embeddable":true,"href":"https:\/\/www.beamer-discount.de\/blog\/wp-json\/wp\/v2\/tags?post=5181"}],"curies":[{"name":"wp","href":"https:\/\/api.w.org\/{rel}","templated":true}]}}