{"id":5491,"date":"2017-06-20T11:02:57","date_gmt":"2017-06-20T09:02:57","guid":{"rendered":"https:\/\/www.beamer-discount.de\/blog\/?p=5491"},"modified":"2018-02-15T18:08:37","modified_gmt":"2018-02-15T16:08:37","slug":"sommerfest-2017-am-7-8-juli-2017-5-jahre-heimkino-partner-im-schwabenland","status":"publish","type":"post","link":"https:\/\/www.beamer-discount.de\/blog\/sommerfest-2017-am-7-8-juli-2017-5-jahre-heimkino-partner-im-schwabenland\/","title":{"rendered":"Sommerfest 2017 am 7.+ 8. Juli 2017 | 5 Jahre Heimkino-Partner im Schwabenland"},"content":{"rendered":"<h1><b>Endlich ist es soweit, wir feiern f\u00fcnfj\u00e4hriges Jubil\u00e4um!<\/b><\/h1>\n<p>Feiern Sie mit <b>uns und Ekki und Michael von Cine4Home unser Sommerfest 2017 in B\u00f6rtlingen<\/b>. F\u00fcr Essen und Trinken wird wie immer bestens gesorgt sein, f\u00fcr viele sind unsere Veranstaltungen ein beliebter Treffpunkt um mit Gleichgesinnten \u00fcber das <b>Lieblingshobby fachzusimpeln.<\/b><\/p>\n","protected":false},"excerpt":{"rendered":"<p>Endlich ist es soweit, wir feiern f\u00fcnfj\u00e4hriges Jubil\u00e4um! Feiern Sie mit uns und Ekki und Michael von Cine4Home unser Sommerfest 2017 in B\u00f6rtlingen. F\u00fcr Essen und<span class=\"excerpt-hellip\"> [\u2026]<\/span><\/p>\n","protected":false},"author":366,"featured_media":5507,"comment_status":"closed","ping_status":"closed","sticky":false,"template":"","format":"standard","meta":[],"categories":[1,423],"tags":[],"yoast_head":"<!-- This site is optimized with the Yoast SEO plugin v16.1.1 - https:\/\/yoast.com\/wordpress\/plugins\/seo\/ -->\n<title>Sommerfest 2017 am 7.+ 8. Juli 2017 | 5 Jahre Heimkino-Partner im Schwabenland |<\/title>\n<link rel=\"canonical\" href=\"https:\/\/www.beamer-discount.de\/blog\/sommerfest-2017-am-7-8-juli-2017-5-jahre-heimkino-partner-im-schwabenland\/\" \/>\n<meta property=\"og:locale\" content=\"de_DE\" \/>\n<meta property=\"og:type\" content=\"article\" \/>\n<meta property=\"og:title\" content=\"Sommerfest 2017 am 7.+ 8. Juli 2017 | 5 Jahre Heimkino-Partner im Schwabenland |\" \/>\n<meta property=\"og:description\" content=\"Endlich ist es soweit, wir feiern f\u00fcnfj\u00e4hriges Jubil\u00e4um! Feiern Sie mit uns und Ekki und Michael von Cine4Home unser Sommerfest 2017 in B\u00f6rtlingen. F\u00fcr Essen und [\u2026]\" \/>\n<meta property=\"og:url\" content=\"https:\/\/www.beamer-discount.de\/blog\/sommerfest-2017-am-7-8-juli-2017-5-jahre-heimkino-partner-im-schwabenland\/\" \/>\n<meta property=\"og:site_name\" content=\"| Beamer-Discount.de Blog\" \/>\n<meta property=\"article:publisher\" content=\"https:\/\/www.facebook.com\/BeamerDiscount.de\" \/>\n<meta property=\"article:published_time\" content=\"2017-06-20T09:02:57+00:00\" \/>\n<meta property=\"article:modified_time\" content=\"2018-02-15T16:08:37+00:00\" \/>\n<meta property=\"og:image\" content=\"https:\/\/www.beamer-discount.de\/blog\/wp-content\/uploads\/2017\/06\/Blog-Entry-Sommerfest.jpg\" \/>\n\t<meta property=\"og:image:width\" content=\"550\" \/>\n\t<meta property=\"og:image:height\" content=\"402\" \/>\n<meta name=\"twitter:card\" content=\"summary\" \/>\n<meta name=\"twitter:creator\" content=\"@ProjektorAG\" \/>\n<meta name=\"twitter:site\" content=\"@ProjektorAG\" \/>\n<script type=\"application\/ld+json\" class=\"yoast-schema-graph\">{\"@context\":\"https:\/\/schema.org\",\"@graph\":[{\"@type\":\"WebSite\",\"@id\":\"https:\/\/www.beamer-discount.de\/blog\/#website\",\"url\":\"https:\/\/www.beamer-discount.de\/blog\/\",\"name\":\"| Beamer-Discount.de Blog\",\"description\":\"Der Blog f\\u00fcr Beamer und Heimkino\",\"potentialAction\":[{\"@type\":\"SearchAction\",\"target\":\"https:\/\/www.beamer-discount.de\/blog\/?s={search_term_string}\",\"query-input\":\"required name=search_term_string\"}],\"inLanguage\":\"de-DE\"},{\"@type\":\"ImageObject\",\"@id\":\"https:\/\/www.beamer-discount.de\/blog\/sommerfest-2017-am-7-8-juli-2017-5-jahre-heimkino-partner-im-schwabenland\/#primaryimage\",\"inLanguage\":\"de-DE\",\"url\":\"https:\/\/www.beamer-discount.de\/blog\/wp-content\/uploads\/2017\/06\/Blog-Entry-Sommerfest.jpg\",\"contentUrl\":\"https:\/\/www.beamer-discount.de\/blog\/wp-content\/uploads\/2017\/06\/Blog-Entry-Sommerfest.jpg\",\"width\":550,\"height\":402},{\"@type\":\"WebPage\",\"@id\":\"https:\/\/www.beamer-discount.de\/blog\/sommerfest-2017-am-7-8-juli-2017-5-jahre-heimkino-partner-im-schwabenland\/#webpage\",\"url\":\"https:\/\/www.beamer-discount.de\/blog\/sommerfest-2017-am-7-8-juli-2017-5-jahre-heimkino-partner-im-schwabenland\/\",\"name\":\"Sommerfest 2017 am 7.+ 8. Juli 2017 | 5 Jahre Heimkino-Partner im Schwabenland |\",\"isPartOf\":{\"@id\":\"https:\/\/www.beamer-discount.de\/blog\/#website\"},\"primaryImageOfPage\":{\"@id\":\"https:\/\/www.beamer-discount.de\/blog\/sommerfest-2017-am-7-8-juli-2017-5-jahre-heimkino-partner-im-schwabenland\/#primaryimage\"},\"datePublished\":\"2017-06-20T09:02:57+00:00\",\"dateModified\":\"2018-02-15T16:08:37+00:00\",\"author\":{\"@id\":\"https:\/\/www.beamer-discount.de\/blog\/#\/schema\/person\/13a46539c3e42c1e1d4ae8e83cebb65a\"},\"breadcrumb\":{\"@id\":\"https:\/\/www.beamer-discount.de\/blog\/sommerfest-2017-am-7-8-juli-2017-5-jahre-heimkino-partner-im-schwabenland\/#breadcrumb\"},\"inLanguage\":\"de-DE\",\"potentialAction\":[{\"@type\":\"ReadAction\",\"target\":[\"https:\/\/www.beamer-discount.de\/blog\/sommerfest-2017-am-7-8-juli-2017-5-jahre-heimkino-partner-im-schwabenland\/\"]}]},{\"@type\":\"BreadcrumbList\",\"@id\":\"https:\/\/www.beamer-discount.de\/blog\/sommerfest-2017-am-7-8-juli-2017-5-jahre-heimkino-partner-im-schwabenland\/#breadcrumb\",\"itemListElement\":[{\"@type\":\"ListItem\",\"position\":1,\"item\":{\"@type\":\"WebPage\",\"@id\":\"https:\/\/www.beamer-discount.de\/blog\/\",\"url\":\"https:\/\/www.beamer-discount.de\/blog\/\",\"name\":\"Startseite\"}},{\"@type\":\"ListItem\",\"position\":2,\"item\":{\"@type\":\"WebPage\",\"@id\":\"https:\/\/www.beamer-discount.de\/blog\/sommerfest-2017-am-7-8-juli-2017-5-jahre-heimkino-partner-im-schwabenland\/\",\"url\":\"https:\/\/www.beamer-discount.de\/blog\/sommerfest-2017-am-7-8-juli-2017-5-jahre-heimkino-partner-im-schwabenland\/\",\"name\":\"Sommerfest 2017 am 7.+ 8. Juli 2017 | 5 Jahre Heimkino-Partner im Schwabenland\"}}]},{\"@type\":\"Person\",\"@id\":\"https:\/\/www.beamer-discount.de\/blog\/#\/schema\/person\/13a46539c3e42c1e1d4ae8e83cebb65a\",\"name\":\"Lukas Naumann\",\"image\":{\"@type\":\"ImageObject\",\"@id\":\"https:\/\/www.beamer-discount.de\/blog\/#personlogo\",\"inLanguage\":\"de-DE\",\"url\":\"https:\/\/www.beamer-discount.de\/blog\/wp-content\/uploads\/2024\/08\/vx_lukas-naumann-profilbild-transformed.png\",\"contentUrl\":\"https:\/\/www.beamer-discount.de\/blog\/wp-content\/uploads\/2024\/08\/vx_lukas-naumann-profilbild-transformed.png\",\"caption\":\"Lukas Naumann\"},\"description\":\"Beamer-Discount - Heimkino | Gaming | Pr\\u00e4sentationen | Dein Experte f\\u00fcr Beamer und Zubeh\\u00f6r | Kino-Feeling f\\u00fcr Zuhause erleben\"}]}<\/script>\n<!-- \/ Yoast SEO plugin. -->","_links":{"self":[{"href":"https:\/\/www.beamer-discount.de\/blog\/wp-json\/wp\/v2\/posts\/5491"}],"collection":[{"href":"https:\/\/www.beamer-discount.de\/blog\/wp-json\/wp\/v2\/posts"}],"about":[{"href":"https:\/\/www.beamer-discount.de\/blog\/wp-json\/wp\/v2\/types\/post"}],"author":[{"embeddable":true,"href":"https:\/\/www.beamer-discount.de\/blog\/wp-json\/wp\/v2\/users\/366"}],"replies":[{"embeddable":true,"href":"https:\/\/www.beamer-discount.de\/blog\/wp-json\/wp\/v2\/comments?post=5491"}],"version-history":[{"count":4,"href":"https:\/\/www.beamer-discount.de\/blog\/wp-json\/wp\/v2\/posts\/5491\/revisions"}],"predecessor-version":[{"id":5506,"href":"https:\/\/www.beamer-discount.de\/blog\/wp-json\/wp\/v2\/posts\/5491\/revisions\/5506"}],"wp:featuredmedia":[{"embeddable":true,"href":"https:\/\/www.beamer-discount.de\/blog\/wp-json\/wp\/v2\/media\/5507"}],"wp:attachment":[{"href":"https:\/\/www.beamer-discount.de\/blog\/wp-json\/wp\/v2\/media?parent=5491"}],"wp:term":[{"taxonomy":"category","embeddable":true,"href":"https:\/\/www.beamer-discount.de\/blog\/wp-json\/wp\/v2\/categories?post=5491"},{"taxonomy":"post_tag","embeddable":true,"href":"https:\/\/www.beamer-discount.de\/blog\/wp-json\/wp\/v2\/tags?post=5491"}],"curies":[{"name":"wp","href":"https:\/\/api.w.org\/{rel}","templated":true}]}}