{"id":6397,"date":"2018-06-15T10:59:47","date_gmt":"2018-06-15T08:59:47","guid":{"rendered":"https:\/\/www.beamer-discount.de\/blog\/?p=6397"},"modified":"2018-06-15T10:59:47","modified_gmt":"2018-06-15T08:59:47","slug":"beamer-gewicht","status":"publish","type":"post","link":"https:\/\/www.beamer-discount.de\/blog\/beamer-gewicht\/","title":{"rendered":"Beamer Gewicht"},"content":{"rendered":"<p>Hier wird das<strong> Gewicht des Projektors<\/strong> ohne Anbau- oder Zubeh\u00f6rteile angegeben. Das tats\u00e4chliche Paketgewicht liegt deutlich dar\u00fcber und h\u00e4ngt vor allem vom mitgelieferten Zubeh\u00f6r und der Verpackung ab.\u200b\u200b\u200b\u200b\u200b\u200b\u200b\u200b\u200b\u200b\u200b\u200b\u200b\u200b\u200b\u200b\u200b\u200b\u200b\u200b\u200b\u200b\u200b\u200b\u200b\u200b\u200b\u200b\u200b\u200b\u200b\u200b\u200b\u200b\u200b<\/p>\n<p>&nbsp;<\/p>\n<p><a href=\"https:\/\/www.beamer-discount.de\/blog\/beamer-berater\/\">Zur\u00fcck zu den Technik-Begriffen<\/a><\/p>\n","protected":false},"excerpt":{"rendered":"<p>Hier wird das Gewicht des Projektors ohne Anbau- oder Zubeh\u00f6rteile angegeben. Das tats\u00e4chliche Paketgewicht liegt deutlich dar\u00fcber und h\u00e4ngt vor allem vom mitgelieferten Zubeh\u00f6r und der<span class=\"excerpt-hellip\"> [\u2026]<\/span><\/p>\n","protected":false},"author":366,"featured_media":0,"comment_status":"closed","ping_status":"closed","sticky":false,"template":"","format":"standard","meta":[],"categories":[842],"tags":[774],"yoast_head":"<!-- This site is optimized with the Yoast SEO plugin v16.1.1 - https:\/\/yoast.com\/wordpress\/plugins\/seo\/ -->\n<title>Beamer Gewicht bei Beamer-Discount<\/title>\n<meta name=\"description\" content=\"Hier wird das Gewicht des Projektors ohne Anbau- oder Zubeh\u00f6rteile angegeben. Das tats\u00e4chliche Paketgewicht liegt deutlich dar\u00fcber und h\u00e4ngt vor allem vom mitgelieferten Zubeh\u00f6r und der Verpackung ab.\u200b\u200b\u200b\u200b\u200b\u200b\u200b\u200b\u200b\u200b\u200b\u200b\u200b\u200b\u200b\u200b\u200b\u200b\u200b\u200b\u200b\u200b\u200b\u200b\u200b\u200b\u200b\u200b\u200b\u200b\u200b\u200b\u200b\u200b\u200b\" \/>\n<link rel=\"canonical\" href=\"https:\/\/www.beamer-discount.de\/blog\/beamer-gewicht\/\" \/>\n<meta property=\"og:locale\" content=\"de_DE\" \/>\n<meta property=\"og:type\" content=\"article\" \/>\n<meta property=\"og:title\" content=\"Beamer Gewicht bei Beamer-Discount\" \/>\n<meta property=\"og:description\" content=\"Hier wird das Gewicht des Projektors ohne Anbau- oder Zubeh\u00f6rteile angegeben. Das tats\u00e4chliche Paketgewicht liegt deutlich dar\u00fcber und h\u00e4ngt vor allem vom mitgelieferten Zubeh\u00f6r und der Verpackung ab.\u200b\u200b\u200b\u200b\u200b\u200b\u200b\u200b\u200b\u200b\u200b\u200b\u200b\u200b\u200b\u200b\u200b\u200b\u200b\u200b\u200b\u200b\u200b\u200b\u200b\u200b\u200b\u200b\u200b\u200b\u200b\u200b\u200b\u200b\u200b\" \/>\n<meta property=\"og:url\" content=\"https:\/\/www.beamer-discount.de\/blog\/beamer-gewicht\/\" \/>\n<meta property=\"og:site_name\" content=\"| Beamer-Discount.de Blog\" \/>\n<meta property=\"article:publisher\" content=\"https:\/\/www.facebook.com\/BeamerDiscount.de\" \/>\n<meta property=\"article:published_time\" content=\"2018-06-15T08:59:47+00:00\" \/>\n<meta name=\"twitter:card\" content=\"summary\" \/>\n<meta name=\"twitter:creator\" content=\"@ProjektorAG\" \/>\n<meta name=\"twitter:site\" content=\"@ProjektorAG\" \/>\n<script type=\"application\/ld+json\" class=\"yoast-schema-graph\">{\"@context\":\"https:\/\/schema.org\",\"@graph\":[{\"@type\":\"WebSite\",\"@id\":\"https:\/\/www.beamer-discount.de\/blog\/#website\",\"url\":\"https:\/\/www.beamer-discount.de\/blog\/\",\"name\":\"| Beamer-Discount.de Blog\",\"description\":\"Der Blog f\\u00fcr Beamer und Heimkino\",\"potentialAction\":[{\"@type\":\"SearchAction\",\"target\":\"https:\/\/www.beamer-discount.de\/blog\/?s={search_term_string}\",\"query-input\":\"required name=search_term_string\"}],\"inLanguage\":\"de-DE\"},{\"@type\":\"WebPage\",\"@id\":\"https:\/\/www.beamer-discount.de\/blog\/beamer-gewicht\/#webpage\",\"url\":\"https:\/\/www.beamer-discount.de\/blog\/beamer-gewicht\/\",\"name\":\"Beamer Gewicht bei Beamer-Discount\",\"isPartOf\":{\"@id\":\"https:\/\/www.beamer-discount.de\/blog\/#website\"},\"datePublished\":\"2018-06-15T08:59:47+00:00\",\"dateModified\":\"2018-06-15T08:59:47+00:00\",\"author\":{\"@id\":\"https:\/\/www.beamer-discount.de\/blog\/#\/schema\/person\/13a46539c3e42c1e1d4ae8e83cebb65a\"},\"description\":\"Hier wird das Gewicht des Projektors ohne Anbau- oder Zubeh\\u00f6rteile angegeben. Das tats\\u00e4chliche Paketgewicht liegt deutlich dar\\u00fcber und h\\u00e4ngt vor allem vom mitgelieferten Zubeh\\u00f6r und der Verpackung ab.\\u200b\\u200b\\u200b\\u200b\\u200b\\u200b\\u200b\\u200b\\u200b\\u200b\\u200b\\u200b\\u200b\\u200b\\u200b\\u200b\\u200b\\u200b\\u200b\\u200b\\u200b\\u200b\\u200b\\u200b\\u200b\\u200b\\u200b\\u200b\\u200b\\u200b\\u200b\\u200b\\u200b\\u200b\\u200b\",\"breadcrumb\":{\"@id\":\"https:\/\/www.beamer-discount.de\/blog\/beamer-gewicht\/#breadcrumb\"},\"inLanguage\":\"de-DE\",\"potentialAction\":[{\"@type\":\"ReadAction\",\"target\":[\"https:\/\/www.beamer-discount.de\/blog\/beamer-gewicht\/\"]}]},{\"@type\":\"BreadcrumbList\",\"@id\":\"https:\/\/www.beamer-discount.de\/blog\/beamer-gewicht\/#breadcrumb\",\"itemListElement\":[{\"@type\":\"ListItem\",\"position\":1,\"item\":{\"@type\":\"WebPage\",\"@id\":\"https:\/\/www.beamer-discount.de\/blog\/\",\"url\":\"https:\/\/www.beamer-discount.de\/blog\/\",\"name\":\"Startseite\"}},{\"@type\":\"ListItem\",\"position\":2,\"item\":{\"@type\":\"WebPage\",\"@id\":\"https:\/\/www.beamer-discount.de\/blog\/beamer-gewicht\/\",\"url\":\"https:\/\/www.beamer-discount.de\/blog\/beamer-gewicht\/\",\"name\":\"Beamer Gewicht\"}}]},{\"@type\":\"Person\",\"@id\":\"https:\/\/www.beamer-discount.de\/blog\/#\/schema\/person\/13a46539c3e42c1e1d4ae8e83cebb65a\",\"name\":\"Lukas Naumann\",\"image\":{\"@type\":\"ImageObject\",\"@id\":\"https:\/\/www.beamer-discount.de\/blog\/#personlogo\",\"inLanguage\":\"de-DE\",\"url\":\"https:\/\/www.beamer-discount.de\/blog\/wp-content\/uploads\/2024\/08\/vx_lukas-naumann-profilbild-transformed.png\",\"contentUrl\":\"https:\/\/www.beamer-discount.de\/blog\/wp-content\/uploads\/2024\/08\/vx_lukas-naumann-profilbild-transformed.png\",\"caption\":\"Lukas Naumann\"},\"description\":\"Beamer-Discount - Heimkino | Gaming | Pr\\u00e4sentationen | Dein Experte f\\u00fcr Beamer und Zubeh\\u00f6r | Kino-Feeling f\\u00fcr Zuhause erleben\"}]}<\/script>\n<!-- \/ Yoast SEO plugin. -->","_links":{"self":[{"href":"https:\/\/www.beamer-discount.de\/blog\/wp-json\/wp\/v2\/posts\/6397"}],"collection":[{"href":"https:\/\/www.beamer-discount.de\/blog\/wp-json\/wp\/v2\/posts"}],"about":[{"href":"https:\/\/www.beamer-discount.de\/blog\/wp-json\/wp\/v2\/types\/post"}],"author":[{"embeddable":true,"href":"https:\/\/www.beamer-discount.de\/blog\/wp-json\/wp\/v2\/users\/366"}],"replies":[{"embeddable":true,"href":"https:\/\/www.beamer-discount.de\/blog\/wp-json\/wp\/v2\/comments?post=6397"}],"version-history":[{"count":2,"href":"https:\/\/www.beamer-discount.de\/blog\/wp-json\/wp\/v2\/posts\/6397\/revisions"}],"predecessor-version":[{"id":6648,"href":"https:\/\/www.beamer-discount.de\/blog\/wp-json\/wp\/v2\/posts\/6397\/revisions\/6648"}],"wp:attachment":[{"href":"https:\/\/www.beamer-discount.de\/blog\/wp-json\/wp\/v2\/media?parent=6397"}],"wp:term":[{"taxonomy":"category","embeddable":true,"href":"https:\/\/www.beamer-discount.de\/blog\/wp-json\/wp\/v2\/categories?post=6397"},{"taxonomy":"post_tag","embeddable":true,"href":"https:\/\/www.beamer-discount.de\/blog\/wp-json\/wp\/v2\/tags?post=6397"}],"curies":[{"name":"wp","href":"https:\/\/api.w.org\/{rel}","templated":true}]}}