{"id":6453,"date":"2018-06-15T12:43:50","date_gmt":"2018-06-15T10:43:50","guid":{"rendered":"https:\/\/www.beamer-discount.de\/blog\/?p=6453"},"modified":"2018-06-15T12:44:55","modified_gmt":"2018-06-15T10:44:55","slug":"beamer-kontrast-spezial","status":"publish","type":"post","link":"https:\/\/www.beamer-discount.de\/blog\/beamer-kontrast-spezial\/","title":{"rendered":"Beamer Kontrast-Spezial"},"content":{"rendered":"<h4>Einer der wichtigsten Aspekte einer jeden Bildprojektion ist die Plastizit\u00e4t bzw. der Kontrast.<\/h4>\n<p>Von ihm h\u00e4ngt es ab, wie nat\u00fcrlich und wie &#8222;tief&#8220; der Bildeindruck beim Betrachter erscheint. Dementsprechend viel diskutiert ist das Thema auch, seitdem es Heimkinoprojektoren gibt.<br \/>\nGerade bei den Digitalprojektoren hat es gedauert, bis der Kontrast ein wirklich gutes Niveau erreicht hat, eigentlich ist dies erst in den letzten zwei Jahren gelungen.<br \/>\nDoch wie untersucht man den Kontrast eines Bildes angemessen? Wie kann man die Bildtiefe in Zahlen ausdr\u00fccken? Ist dies \u00fcberhaupt f\u00fcr alle Bildszenen m\u00f6glich?<\/p>\n<h4>Kontrastangaben: die Grundlagen<\/h4>\n<p>Wir beginnen mit dem sogenannten <b>&#8222;On-\/Off-Kontrast&#8220;<\/b>, wie er in den technischen Daten eines jeden Projektors auch immer angegeben wird.<br \/>\nDieser definiert das Verh\u00e4ltnis vom dunkelsten bis zum hellsten Signalpegel, den ein Projektor darstellen kann. Wenn bei 800 <a href=\"https:\/\/www.beamer-discount.de\/blog\/?p=6293&amp;preview=true#A\">ANSI-Lumen<\/a> Lichtleistung zwei <a href=\"https:\/\/www.beamer-discount.de\/blog\/?p=6293&amp;preview=true#A\">ANSI-Lumen<\/a> Restlicht bei Schwarzdarstellung projiziert werden, liegt der Kontrast bei 800:2, also 400:1.<br \/>\nDer <b>In-Bild-Kontrast<\/b> wird nicht selten mit dem <a href=\"https:\/\/www.beamer-discount.de\/blog\/?p=6293&amp;preview=true#A\">ANSI-Kontrast<\/a> verwechselt, da dieser eine offizielle Messmethode eines In-Bild-Kontrastes darstellt, diesen aber keinesfalls allgemeing\u00fcltig beschreibt!<br \/>\nIn-Bild- bzw. ANSI-Kontrast besch\u00e4ftigensich mit dem darstellbaren Helligkeitsunterschied, der innerhalb eines Bildes m\u00f6glich ist. Durch diverse Faktoren f\u00e4llt dieser Kontrast in jedem Fall deutlich geringer aus, als als der On-\/Off-Kontrast, der mit verschiedenen Testbildern gemessen wird (hintereinander in schwarz und wei\u00df).<br \/>\nDer ANSI-Kontrast wird mit Hilfe eines Schachbrettmusters ermittelt. Man misst die Helligkeit aller schwarzen Felder und setzt sie in Bezug zur Helligkeit aller wei\u00dfen Felder.<\/p>\n<p><a href=\"https:\/\/www.beamer-discount.de\/blog\/beamer-berater\/\">Zur\u00fcck zu den Technik-Begriffen\u200b<\/a><\/p>\n","protected":false},"excerpt":{"rendered":"<p>Einer der wichtigsten Aspekte einer jeden Bildprojektion ist die Plastizit\u00e4t bzw. der Kontrast. Von ihm h\u00e4ngt es ab, wie nat\u00fcrlich und wie &#8222;tief&#8220; der Bildeindruck beim<span class=\"excerpt-hellip\"> [\u2026]<\/span><\/p>\n","protected":false},"author":366,"featured_media":0,"comment_status":"closed","ping_status":"closed","sticky":false,"template":"","format":"standard","meta":[],"categories":[842],"tags":[3,811,752,809,810],"yoast_head":"<!-- This site is optimized with the Yoast SEO plugin v16.1.1 - https:\/\/yoast.com\/wordpress\/plugins\/seo\/ -->\n<title>Beamer Kontrast-Spezial kurz erkl\u00e4rt bei Beamer-Discount<\/title>\n<meta name=\"description\" content=\"Einer der wichtigsten Aspekte einer jeden Bildprojektion ist die Plastizit\u00e4t bzw. der Kontrast. Von ihm h\u00e4ngt es ab, wie nat\u00fcrlich und wie &quot;tief&quot; der Bildeindruck beim Betrachter erscheint. Dementsprechend viel diskutiert ist das Thema auch, seitdem es Heimkinoprojektoren gibt.\" \/>\n<link rel=\"canonical\" href=\"https:\/\/www.beamer-discount.de\/blog\/beamer-kontrast-spezial\/\" \/>\n<meta property=\"og:locale\" content=\"de_DE\" \/>\n<meta property=\"og:type\" content=\"article\" \/>\n<meta property=\"og:title\" content=\"Beamer Kontrast-Spezial kurz erkl\u00e4rt bei Beamer-Discount\" \/>\n<meta property=\"og:description\" content=\"Einer der wichtigsten Aspekte einer jeden Bildprojektion ist die Plastizit\u00e4t bzw. der Kontrast. Von ihm h\u00e4ngt es ab, wie nat\u00fcrlich und wie &quot;tief&quot; der Bildeindruck beim Betrachter erscheint. Dementsprechend viel diskutiert ist das Thema auch, seitdem es Heimkinoprojektoren gibt.\" \/>\n<meta property=\"og:url\" content=\"https:\/\/www.beamer-discount.de\/blog\/beamer-kontrast-spezial\/\" \/>\n<meta property=\"og:site_name\" content=\"| Beamer-Discount.de Blog\" \/>\n<meta property=\"article:publisher\" content=\"https:\/\/www.facebook.com\/BeamerDiscount.de\" \/>\n<meta property=\"article:published_time\" content=\"2018-06-15T10:43:50+00:00\" \/>\n<meta property=\"article:modified_time\" content=\"2018-06-15T10:44:55+00:00\" \/>\n<meta name=\"twitter:card\" content=\"summary\" \/>\n<meta name=\"twitter:creator\" content=\"@ProjektorAG\" \/>\n<meta name=\"twitter:site\" content=\"@ProjektorAG\" \/>\n<meta name=\"twitter:label1\" content=\"Gesch\u00e4tzte Lesezeit\">\n\t<meta name=\"twitter:data1\" content=\"1 Minute\">\n<script type=\"application\/ld+json\" class=\"yoast-schema-graph\">{\"@context\":\"https:\/\/schema.org\",\"@graph\":[{\"@type\":\"WebSite\",\"@id\":\"https:\/\/www.beamer-discount.de\/blog\/#website\",\"url\":\"https:\/\/www.beamer-discount.de\/blog\/\",\"name\":\"| Beamer-Discount.de Blog\",\"description\":\"Der Blog f\\u00fcr Beamer und Heimkino\",\"potentialAction\":[{\"@type\":\"SearchAction\",\"target\":\"https:\/\/www.beamer-discount.de\/blog\/?s={search_term_string}\",\"query-input\":\"required name=search_term_string\"}],\"inLanguage\":\"de-DE\"},{\"@type\":\"WebPage\",\"@id\":\"https:\/\/www.beamer-discount.de\/blog\/beamer-kontrast-spezial\/#webpage\",\"url\":\"https:\/\/www.beamer-discount.de\/blog\/beamer-kontrast-spezial\/\",\"name\":\"Beamer Kontrast-Spezial kurz erkl\\u00e4rt bei Beamer-Discount\",\"isPartOf\":{\"@id\":\"https:\/\/www.beamer-discount.de\/blog\/#website\"},\"datePublished\":\"2018-06-15T10:43:50+00:00\",\"dateModified\":\"2018-06-15T10:44:55+00:00\",\"author\":{\"@id\":\"https:\/\/www.beamer-discount.de\/blog\/#\/schema\/person\/13a46539c3e42c1e1d4ae8e83cebb65a\"},\"description\":\"Einer der wichtigsten Aspekte einer jeden Bildprojektion ist die Plastizit\\u00e4t bzw. der Kontrast. Von ihm h\\u00e4ngt es ab, wie nat\\u00fcrlich und wie \\\"tief\\\" der Bildeindruck beim Betrachter erscheint. Dementsprechend viel diskutiert ist das Thema auch, seitdem es Heimkinoprojektoren gibt.\",\"breadcrumb\":{\"@id\":\"https:\/\/www.beamer-discount.de\/blog\/beamer-kontrast-spezial\/#breadcrumb\"},\"inLanguage\":\"de-DE\",\"potentialAction\":[{\"@type\":\"ReadAction\",\"target\":[\"https:\/\/www.beamer-discount.de\/blog\/beamer-kontrast-spezial\/\"]}]},{\"@type\":\"BreadcrumbList\",\"@id\":\"https:\/\/www.beamer-discount.de\/blog\/beamer-kontrast-spezial\/#breadcrumb\",\"itemListElement\":[{\"@type\":\"ListItem\",\"position\":1,\"item\":{\"@type\":\"WebPage\",\"@id\":\"https:\/\/www.beamer-discount.de\/blog\/\",\"url\":\"https:\/\/www.beamer-discount.de\/blog\/\",\"name\":\"Startseite\"}},{\"@type\":\"ListItem\",\"position\":2,\"item\":{\"@type\":\"WebPage\",\"@id\":\"https:\/\/www.beamer-discount.de\/blog\/beamer-kontrast-spezial\/\",\"url\":\"https:\/\/www.beamer-discount.de\/blog\/beamer-kontrast-spezial\/\",\"name\":\"Beamer Kontrast-Spezial\"}}]},{\"@type\":\"Person\",\"@id\":\"https:\/\/www.beamer-discount.de\/blog\/#\/schema\/person\/13a46539c3e42c1e1d4ae8e83cebb65a\",\"name\":\"Lukas Naumann\",\"image\":{\"@type\":\"ImageObject\",\"@id\":\"https:\/\/www.beamer-discount.de\/blog\/#personlogo\",\"inLanguage\":\"de-DE\",\"url\":\"https:\/\/www.beamer-discount.de\/blog\/wp-content\/uploads\/2024\/08\/vx_lukas-naumann-profilbild-transformed.png\",\"contentUrl\":\"https:\/\/www.beamer-discount.de\/blog\/wp-content\/uploads\/2024\/08\/vx_lukas-naumann-profilbild-transformed.png\",\"caption\":\"Lukas Naumann\"},\"description\":\"Beamer-Discount - Heimkino | Gaming | Pr\\u00e4sentationen | Dein Experte f\\u00fcr Beamer und Zubeh\\u00f6r | Kino-Feeling f\\u00fcr Zuhause erleben\"}]}<\/script>\n<!-- \/ Yoast SEO plugin. -->","_links":{"self":[{"href":"https:\/\/www.beamer-discount.de\/blog\/wp-json\/wp\/v2\/posts\/6453"}],"collection":[{"href":"https:\/\/www.beamer-discount.de\/blog\/wp-json\/wp\/v2\/posts"}],"about":[{"href":"https:\/\/www.beamer-discount.de\/blog\/wp-json\/wp\/v2\/types\/post"}],"author":[{"embeddable":true,"href":"https:\/\/www.beamer-discount.de\/blog\/wp-json\/wp\/v2\/users\/366"}],"replies":[{"embeddable":true,"href":"https:\/\/www.beamer-discount.de\/blog\/wp-json\/wp\/v2\/comments?post=6453"}],"version-history":[{"count":4,"href":"https:\/\/www.beamer-discount.de\/blog\/wp-json\/wp\/v2\/posts\/6453\/revisions"}],"predecessor-version":[{"id":6689,"href":"https:\/\/www.beamer-discount.de\/blog\/wp-json\/wp\/v2\/posts\/6453\/revisions\/6689"}],"wp:attachment":[{"href":"https:\/\/www.beamer-discount.de\/blog\/wp-json\/wp\/v2\/media?parent=6453"}],"wp:term":[{"taxonomy":"category","embeddable":true,"href":"https:\/\/www.beamer-discount.de\/blog\/wp-json\/wp\/v2\/categories?post=6453"},{"taxonomy":"post_tag","embeddable":true,"href":"https:\/\/www.beamer-discount.de\/blog\/wp-json\/wp\/v2\/tags?post=6453"}],"curies":[{"name":"wp","href":"https:\/\/api.w.org\/{rel}","templated":true}]}}