{"id":6796,"date":"2018-08-31T11:48:38","date_gmt":"2018-08-31T09:48:38","guid":{"rendered":"https:\/\/www.beamer-discount.de\/blog\/?p=6796"},"modified":"2018-09-03T09:25:04","modified_gmt":"2018-09-03T07:25:04","slug":"ifa-2018","status":"publish","type":"post","link":"https:\/\/www.beamer-discount.de\/blog\/ifa-2018\/","title":{"rendered":"IFA 2018: 4K Neuheiten von EPSON, JVC &#038; SONY"},"content":{"rendered":"<p>Am 31. August startet in Berlin die IFA 2018. Auf der gr\u00f6\u00dften Innovationsshow der Welt werden nat\u00fcrlich wieder Neuheiten im Bereich Beamer, Heimkino, Audio und weitere Produkte vorgestellt.<\/p>\n<p>Viele gro\u00dfe Hersteller der Branche sind nat\u00fcrlich vor Ort um ihre Neuheiten zu pr\u00e4sentieren. Hierzu z\u00e4hlen beispielsweise Epson, Sony, JVC, LG, Samsung und Yamaha. Der Bereich der Beamer ist nat\u00fcrlich \u00fcberschaubarer gegen\u00fcber den TV Herstellern geworden. Allerdings ist die IFA &#8222;Der Termin&#8220; im Jahr, an dem \u00fcblicherweise die neuen Ger\u00e4te f\u00fcr Heimkino Fan`s pr\u00e4sentiert werden. Daher d\u00fcrfen wir uns in diesem Jahr wieder auf spannende Neuheiten gefasst machen. Hier schon mal eine kleine Auswahl unserer Fokusprodukte.<\/p>\n","protected":false},"excerpt":{"rendered":"<p>Am 31. August startet in Berlin die IFA 2018. Auf der gr\u00f6\u00dften Innovationsshow der Welt werden nat\u00fcrlich wieder Neuheiten im Bereich Beamer, Heimkino, Audio und weitere<span class=\"excerpt-hellip\"> [\u2026]<\/span><\/p>\n","protected":false},"author":10,"featured_media":6813,"comment_status":"closed","ping_status":"closed","sticky":false,"template":"","format":"standard","meta":[],"categories":[1],"tags":[],"yoast_head":"<!-- This site is optimized with the Yoast SEO plugin v16.1.1 - https:\/\/yoast.com\/wordpress\/plugins\/seo\/ -->\n<title>IFA 2018: 4K Neuheiten von EPSON, JVC &amp; SONY |<\/title>\n<link rel=\"canonical\" href=\"https:\/\/www.beamer-discount.de\/blog\/ifa-2018\/\" \/>\n<meta property=\"og:locale\" content=\"de_DE\" \/>\n<meta property=\"og:type\" content=\"article\" \/>\n<meta property=\"og:title\" content=\"IFA 2018: 4K Neuheiten von EPSON, JVC &amp; SONY |\" \/>\n<meta property=\"og:description\" content=\"Am 31. August startet in Berlin die IFA 2018. Auf der gr\u00f6\u00dften Innovationsshow der Welt werden nat\u00fcrlich wieder Neuheiten im Bereich Beamer, Heimkino, Audio und weitere [\u2026]\" \/>\n<meta property=\"og:url\" content=\"https:\/\/www.beamer-discount.de\/blog\/ifa-2018\/\" \/>\n<meta property=\"og:site_name\" content=\"| Beamer-Discount.de Blog\" \/>\n<meta property=\"article:publisher\" content=\"https:\/\/www.facebook.com\/BeamerDiscount.de\" \/>\n<meta property=\"article:published_time\" content=\"2018-08-31T09:48:38+00:00\" \/>\n<meta property=\"article:modified_time\" content=\"2018-09-03T07:25:04+00:00\" \/>\n<meta property=\"og:image\" content=\"https:\/\/www.beamer-discount.de\/blog\/wp-content\/uploads\/2018\/08\/ifa_klein.jpg\" \/>\n\t<meta property=\"og:image:width\" content=\"550\" \/>\n\t<meta property=\"og:image:height\" content=\"402\" \/>\n<meta name=\"twitter:card\" content=\"summary\" \/>\n<meta name=\"twitter:creator\" content=\"@ProjektorAG\" \/>\n<meta name=\"twitter:site\" content=\"@ProjektorAG\" \/>\n<meta name=\"twitter:label1\" content=\"Gesch\u00e4tzte Lesezeit\">\n\t<meta name=\"twitter:data1\" content=\"1 Minute\">\n<script type=\"application\/ld+json\" class=\"yoast-schema-graph\">{\"@context\":\"https:\/\/schema.org\",\"@graph\":[{\"@type\":\"WebSite\",\"@id\":\"https:\/\/www.beamer-discount.de\/blog\/#website\",\"url\":\"https:\/\/www.beamer-discount.de\/blog\/\",\"name\":\"| Beamer-Discount.de Blog\",\"description\":\"Der Blog f\\u00fcr Beamer und Heimkino\",\"potentialAction\":[{\"@type\":\"SearchAction\",\"target\":\"https:\/\/www.beamer-discount.de\/blog\/?s={search_term_string}\",\"query-input\":\"required name=search_term_string\"}],\"inLanguage\":\"de-DE\"},{\"@type\":\"ImageObject\",\"@id\":\"https:\/\/www.beamer-discount.de\/blog\/ifa-2018\/#primaryimage\",\"inLanguage\":\"de-DE\",\"url\":\"https:\/\/www.beamer-discount.de\/blog\/wp-content\/uploads\/2018\/08\/ifa_klein.jpg\",\"contentUrl\":\"https:\/\/www.beamer-discount.de\/blog\/wp-content\/uploads\/2018\/08\/ifa_klein.jpg\",\"width\":550,\"height\":402},{\"@type\":\"WebPage\",\"@id\":\"https:\/\/www.beamer-discount.de\/blog\/ifa-2018\/#webpage\",\"url\":\"https:\/\/www.beamer-discount.de\/blog\/ifa-2018\/\",\"name\":\"IFA 2018: 4K Neuheiten von EPSON, JVC & SONY |\",\"isPartOf\":{\"@id\":\"https:\/\/www.beamer-discount.de\/blog\/#website\"},\"primaryImageOfPage\":{\"@id\":\"https:\/\/www.beamer-discount.de\/blog\/ifa-2018\/#primaryimage\"},\"datePublished\":\"2018-08-31T09:48:38+00:00\",\"dateModified\":\"2018-09-03T07:25:04+00:00\",\"author\":{\"@id\":\"https:\/\/www.beamer-discount.de\/blog\/#\/schema\/person\/20aa3893dc417cbfe095e006df2f87bc\"},\"breadcrumb\":{\"@id\":\"https:\/\/www.beamer-discount.de\/blog\/ifa-2018\/#breadcrumb\"},\"inLanguage\":\"de-DE\",\"potentialAction\":[{\"@type\":\"ReadAction\",\"target\":[\"https:\/\/www.beamer-discount.de\/blog\/ifa-2018\/\"]}]},{\"@type\":\"BreadcrumbList\",\"@id\":\"https:\/\/www.beamer-discount.de\/blog\/ifa-2018\/#breadcrumb\",\"itemListElement\":[{\"@type\":\"ListItem\",\"position\":1,\"item\":{\"@type\":\"WebPage\",\"@id\":\"https:\/\/www.beamer-discount.de\/blog\/\",\"url\":\"https:\/\/www.beamer-discount.de\/blog\/\",\"name\":\"Startseite\"}},{\"@type\":\"ListItem\",\"position\":2,\"item\":{\"@type\":\"WebPage\",\"@id\":\"https:\/\/www.beamer-discount.de\/blog\/ifa-2018\/\",\"url\":\"https:\/\/www.beamer-discount.de\/blog\/ifa-2018\/\",\"name\":\"IFA 2018: 4K Neuheiten von EPSON, JVC &#038; SONY\"}}]},{\"@type\":\"Person\",\"@id\":\"https:\/\/www.beamer-discount.de\/blog\/#\/schema\/person\/20aa3893dc417cbfe095e006df2f87bc\",\"name\":\"Stefan\",\"image\":{\"@type\":\"ImageObject\",\"@id\":\"https:\/\/www.beamer-discount.de\/blog\/#personlogo\",\"inLanguage\":\"de-DE\",\"url\":\"https:\/\/www.beamer-discount.de\/blog\/wp-content\/uploads\/2015\/03\/spr.jpg\",\"contentUrl\":\"https:\/\/www.beamer-discount.de\/blog\/wp-content\/uploads\/2015\/03\/spr.jpg\",\"caption\":\"Stefan\"},\"sameAs\":[\"https:\/\/www.beamer-discount.de\"]}]}<\/script>\n<!-- \/ Yoast SEO plugin. -->","_links":{"self":[{"href":"https:\/\/www.beamer-discount.de\/blog\/wp-json\/wp\/v2\/posts\/6796"}],"collection":[{"href":"https:\/\/www.beamer-discount.de\/blog\/wp-json\/wp\/v2\/posts"}],"about":[{"href":"https:\/\/www.beamer-discount.de\/blog\/wp-json\/wp\/v2\/types\/post"}],"author":[{"embeddable":true,"href":"https:\/\/www.beamer-discount.de\/blog\/wp-json\/wp\/v2\/users\/10"}],"replies":[{"embeddable":true,"href":"https:\/\/www.beamer-discount.de\/blog\/wp-json\/wp\/v2\/comments?post=6796"}],"version-history":[{"count":4,"href":"https:\/\/www.beamer-discount.de\/blog\/wp-json\/wp\/v2\/posts\/6796\/revisions"}],"predecessor-version":[{"id":6815,"href":"https:\/\/www.beamer-discount.de\/blog\/wp-json\/wp\/v2\/posts\/6796\/revisions\/6815"}],"wp:featuredmedia":[{"embeddable":true,"href":"https:\/\/www.beamer-discount.de\/blog\/wp-json\/wp\/v2\/media\/6813"}],"wp:attachment":[{"href":"https:\/\/www.beamer-discount.de\/blog\/wp-json\/wp\/v2\/media?parent=6796"}],"wp:term":[{"taxonomy":"category","embeddable":true,"href":"https:\/\/www.beamer-discount.de\/blog\/wp-json\/wp\/v2\/categories?post=6796"},{"taxonomy":"post_tag","embeddable":true,"href":"https:\/\/www.beamer-discount.de\/blog\/wp-json\/wp\/v2\/tags?post=6796"}],"curies":[{"name":"wp","href":"https:\/\/api.w.org\/{rel}","templated":true}]}}