{"id":7561,"date":"2021-02-23T15:09:56","date_gmt":"2021-02-23T13:09:56","guid":{"rendered":"https:\/\/www.beamer-discount.de\/blog\/?p=7561"},"modified":"2021-02-23T15:09:56","modified_gmt":"2021-02-23T13:09:56","slug":"samsung-lsp7t-the-premiere-testbericht","status":"publish","type":"post","link":"https:\/\/www.beamer-discount.de\/blog\/samsung-lsp7t-the-premiere-testbericht\/","title":{"rendered":"Samsung LSP7T \u201eThe Premiere\u201c Testbericht"},"content":{"rendered":"\n<p>Schon unser erster Test des neuen LSP9T alias \u201eThe Premiere\u201c hat dem Hersteller  Samsung ein beeindruckendes Erstlingswerk in Sachen LaserTV bescheinigt. Mit TripleTuner, voll ausgebautem smarten Betriebssystem \u201eTizen\u201c und einer echten RGB-Laserlichtquelle, bei der alle Grundfarben durch eigene Laser-Dioden direkt erzeugt werden, ist der LSP9T derzeit tats\u00e4chlich konkurrenzlos und in vielen Belangen einzigartig. Dies alles hat aber auch seinen Preis: Mit einer UVP von rund \u20ac6500.- ist die \u201eGro\u00dfe Premiere\u201c nicht f\u00fcr jedermann erschwinglich, auch wenn es keine g\u00fcnstigere Methode gibt, ein Gro\u00dfbild (jenseits der 100\u201c Gr\u00f6\u00dfe) dieser Qualit\u00e4t zu erzeugen.<\/p>\n","protected":false},"excerpt":{"rendered":"<p>Schon unser erster Test des neuen LSP9T alias \u201eThe Premiere\u201c hat dem Hersteller Samsung ein beeindruckendes Erstlingswerk in Sachen LaserTV bescheinigt. Mit TripleTuner, voll ausgebautem smarten<span class=\"excerpt-hellip\"> [\u2026]<\/span><\/p>\n","protected":false},"author":367,"featured_media":7585,"comment_status":"closed","ping_status":"closed","sticky":false,"template":"","format":"standard","meta":[],"categories":[420,1],"tags":[],"yoast_head":"<!-- This site is optimized with the Yoast SEO plugin v16.1.1 - https:\/\/yoast.com\/wordpress\/plugins\/seo\/ -->\n<title>Samsung LSP7T \u201eThe Premiere\u201c Testbericht |<\/title>\n<link rel=\"canonical\" href=\"https:\/\/www.beamer-discount.de\/blog\/samsung-lsp7t-the-premiere-testbericht\/\" \/>\n<meta property=\"og:locale\" content=\"de_DE\" \/>\n<meta property=\"og:type\" content=\"article\" \/>\n<meta property=\"og:title\" content=\"Samsung LSP7T \u201eThe Premiere\u201c Testbericht |\" \/>\n<meta property=\"og:description\" content=\"Schon unser erster Test des neuen LSP9T alias \u201eThe Premiere\u201c hat dem Hersteller Samsung ein beeindruckendes Erstlingswerk in Sachen LaserTV bescheinigt. Mit TripleTuner, voll ausgebautem smarten [\u2026]\" \/>\n<meta property=\"og:url\" content=\"https:\/\/www.beamer-discount.de\/blog\/samsung-lsp7t-the-premiere-testbericht\/\" \/>\n<meta property=\"og:site_name\" content=\"| Beamer-Discount.de Blog\" \/>\n<meta property=\"article:publisher\" content=\"https:\/\/www.facebook.com\/BeamerDiscount.de\" \/>\n<meta property=\"article:published_time\" content=\"2021-02-23T13:09:56+00:00\" \/>\n<meta property=\"og:image\" content=\"https:\/\/www.beamer-discount.de\/blog\/wp-content\/uploads\/2021\/02\/lsp7t_klein.jpg\" \/>\n\t<meta property=\"og:image:width\" content=\"323\" \/>\n\t<meta property=\"og:image:height\" content=\"242\" \/>\n<meta name=\"twitter:card\" content=\"summary\" \/>\n<meta name=\"twitter:creator\" content=\"@ProjektorAG\" \/>\n<meta name=\"twitter:site\" content=\"@ProjektorAG\" \/>\n<meta name=\"twitter:label1\" content=\"Gesch\u00e4tzte Lesezeit\">\n\t<meta name=\"twitter:data1\" content=\"1 Minute\">\n<script type=\"application\/ld+json\" class=\"yoast-schema-graph\">{\"@context\":\"https:\/\/schema.org\",\"@graph\":[{\"@type\":\"WebSite\",\"@id\":\"https:\/\/www.beamer-discount.de\/blog\/#website\",\"url\":\"https:\/\/www.beamer-discount.de\/blog\/\",\"name\":\"| Beamer-Discount.de Blog\",\"description\":\"Der Blog f\\u00fcr Beamer und Heimkino\",\"potentialAction\":[{\"@type\":\"SearchAction\",\"target\":\"https:\/\/www.beamer-discount.de\/blog\/?s={search_term_string}\",\"query-input\":\"required name=search_term_string\"}],\"inLanguage\":\"de-DE\"},{\"@type\":\"ImageObject\",\"@id\":\"https:\/\/www.beamer-discount.de\/blog\/samsung-lsp7t-the-premiere-testbericht\/#primaryimage\",\"inLanguage\":\"de-DE\",\"url\":\"https:\/\/www.beamer-discount.de\/blog\/wp-content\/uploads\/2021\/02\/lsp7t_klein.jpg\",\"contentUrl\":\"https:\/\/www.beamer-discount.de\/blog\/wp-content\/uploads\/2021\/02\/lsp7t_klein.jpg\",\"width\":323,\"height\":242,\"caption\":\"lsp7t\"},{\"@type\":\"WebPage\",\"@id\":\"https:\/\/www.beamer-discount.de\/blog\/samsung-lsp7t-the-premiere-testbericht\/#webpage\",\"url\":\"https:\/\/www.beamer-discount.de\/blog\/samsung-lsp7t-the-premiere-testbericht\/\",\"name\":\"Samsung LSP7T \\u201eThe Premiere\\u201c Testbericht |\",\"isPartOf\":{\"@id\":\"https:\/\/www.beamer-discount.de\/blog\/#website\"},\"primaryImageOfPage\":{\"@id\":\"https:\/\/www.beamer-discount.de\/blog\/samsung-lsp7t-the-premiere-testbericht\/#primaryimage\"},\"datePublished\":\"2021-02-23T13:09:56+00:00\",\"dateModified\":\"2021-02-23T13:09:56+00:00\",\"author\":{\"@id\":\"https:\/\/www.beamer-discount.de\/blog\/#\/schema\/person\/9c5386300644dff030598d53f90b4e29\"},\"breadcrumb\":{\"@id\":\"https:\/\/www.beamer-discount.de\/blog\/samsung-lsp7t-the-premiere-testbericht\/#breadcrumb\"},\"inLanguage\":\"de-DE\",\"potentialAction\":[{\"@type\":\"ReadAction\",\"target\":[\"https:\/\/www.beamer-discount.de\/blog\/samsung-lsp7t-the-premiere-testbericht\/\"]}]},{\"@type\":\"BreadcrumbList\",\"@id\":\"https:\/\/www.beamer-discount.de\/blog\/samsung-lsp7t-the-premiere-testbericht\/#breadcrumb\",\"itemListElement\":[{\"@type\":\"ListItem\",\"position\":1,\"item\":{\"@type\":\"WebPage\",\"@id\":\"https:\/\/www.beamer-discount.de\/blog\/\",\"url\":\"https:\/\/www.beamer-discount.de\/blog\/\",\"name\":\"Startseite\"}},{\"@type\":\"ListItem\",\"position\":2,\"item\":{\"@type\":\"WebPage\",\"@id\":\"https:\/\/www.beamer-discount.de\/blog\/samsung-lsp7t-the-premiere-testbericht\/\",\"url\":\"https:\/\/www.beamer-discount.de\/blog\/samsung-lsp7t-the-premiere-testbericht\/\",\"name\":\"Samsung LSP7T \\u201eThe Premiere\\u201c Testbericht\"}}]},{\"@type\":\"Person\",\"@id\":\"https:\/\/www.beamer-discount.de\/blog\/#\/schema\/person\/9c5386300644dff030598d53f90b4e29\",\"name\":\"Matthias Sch\\u00e4fer\",\"image\":{\"@type\":\"ImageObject\",\"@id\":\"https:\/\/www.beamer-discount.de\/blog\/#personlogo\",\"inLanguage\":\"de-DE\",\"url\":\"https:\/\/www.beamer-discount.de\/blog\/wp-content\/plugins\/wp-user-avatar\/images\/wpua-96x96.png\",\"contentUrl\":\"https:\/\/www.beamer-discount.de\/blog\/wp-content\/plugins\/wp-user-avatar\/images\/wpua-96x96.png\",\"caption\":\"Matthias Sch\\u00e4fer\"},\"sameAs\":[\"http:\/\/beamer-discount.de\"]}]}<\/script>\n<!-- \/ Yoast SEO plugin. -->","_links":{"self":[{"href":"https:\/\/www.beamer-discount.de\/blog\/wp-json\/wp\/v2\/posts\/7561"}],"collection":[{"href":"https:\/\/www.beamer-discount.de\/blog\/wp-json\/wp\/v2\/posts"}],"about":[{"href":"https:\/\/www.beamer-discount.de\/blog\/wp-json\/wp\/v2\/types\/post"}],"author":[{"embeddable":true,"href":"https:\/\/www.beamer-discount.de\/blog\/wp-json\/wp\/v2\/users\/367"}],"replies":[{"embeddable":true,"href":"https:\/\/www.beamer-discount.de\/blog\/wp-json\/wp\/v2\/comments?post=7561"}],"version-history":[{"count":3,"href":"https:\/\/www.beamer-discount.de\/blog\/wp-json\/wp\/v2\/posts\/7561\/revisions"}],"predecessor-version":[{"id":7820,"href":"https:\/\/www.beamer-discount.de\/blog\/wp-json\/wp\/v2\/posts\/7561\/revisions\/7820"}],"wp:featuredmedia":[{"embeddable":true,"href":"https:\/\/www.beamer-discount.de\/blog\/wp-json\/wp\/v2\/media\/7585"}],"wp:attachment":[{"href":"https:\/\/www.beamer-discount.de\/blog\/wp-json\/wp\/v2\/media?parent=7561"}],"wp:term":[{"taxonomy":"category","embeddable":true,"href":"https:\/\/www.beamer-discount.de\/blog\/wp-json\/wp\/v2\/categories?post=7561"},{"taxonomy":"post_tag","embeddable":true,"href":"https:\/\/www.beamer-discount.de\/blog\/wp-json\/wp\/v2\/tags?post=7561"}],"curies":[{"name":"wp","href":"https:\/\/api.w.org\/{rel}","templated":true}]}}